{"id":2207,"date":"2023-03-08T18:09:02","date_gmt":"2023-03-08T18:09:02","guid":{"rendered":"https:\/\/artsakhforum.net\/?p=2207"},"modified":"2023-03-08T18:09:02","modified_gmt":"2023-03-08T18:09:02","slug":"newsletter-du-gouvernement-dartsakh-87eme-jour-de-blocus","status":"publish","type":"post","link":"https:\/\/artsakhforum.net\/?p=2207","title":{"rendered":"Newsletter du gouvernement d\u2019Artsakh \u2013 87eme jour de blocus"},"content":{"rendered":"\n<p><a href=\"http:\/\/mohnkr.am\/?p=27919&amp;fbclid=IwAR1uw9biGU1sixX2ik4ykevwYnbVPJToTwplJfqPMbm08XNSVc8CBET8OJQ\" target=\"_blank\" rel=\"noreferrer noopener\">L\u2019officier de police bless\u00e9 par balle au thorax lors de l\u2019attaque du commando infiltr\u00e9 azerba\u00efdjanais se trouve en service de r\u00e9animation<\/a><\/p>\n\n\n\n<p><br>L\u2019officier de police de la R\u00e9publique d\u2019Artsakh bless\u00e9 au thorax \u00e0 la suite de l\u2019attaque du commando azerba\u00efdjanais le 5 mars a \u00e9t\u00e9 op\u00e9r\u00e9 le jour m\u00eame et se trouve en service de r\u00e9animation de l\u2019h\u00f4pital central \u00ab R\u00e9publicain \u00bb de Stepanakert. Son \u00e9tat est stationnaire. Le pronostic vital n\u2019est pas engag\u00e9.&nbsp;<br><br>Le 5 mars un groupe arm\u00e9 azerba\u00efdjanais infiltr\u00e9, en embuscade pr\u00e8s de la localit\u00e9 \u00ab Khaypalou \u00bb, en zone foresti\u00e8re, avait ouvert le feu en direction d\u2019un v\u00e9hicule de service du d\u00e9partement des passeports et visas de la Police de la R\u00e9publique d\u2019Artsakh. &nbsp;<br><br>3 officiers de police avaient \u00e9t\u00e9 tu\u00e9s, un 4\u00e8me, gri\u00e8vement bless\u00e9, est toujours en r\u00e9animation.<\/p>\n\n\n\n<p><a href=\"http:\/\/mohnkr.am\/?p=27917&amp;fbclid=IwAR21DWkfblyad8yjTCQALb3FxptoatjN7Fvu3lg5DrvrgVUMKNvZkr8wJR8\" target=\"_blank\" rel=\"noreferrer noopener\">9 malades ont \u00e9t\u00e9 transport\u00e9s d\u2019Artsakh en Arm\u00e9nie par le Comit\u00e9 International de la Croix Roue<\/a><br><br>9 patients transport\u00e9s pr\u00e9c\u00e9demment en Arm\u00e9nie pour y recevoir des soins adapt\u00e9s ont \u00e9t\u00e9 rapatri\u00e9s en Artsakh avec l\u2019accompagnement du CICR.&nbsp;<br><br>Le transfert des malades d\u2019Artsakh vers l\u2019Arm\u00e9nie continue \u00e0 s\u2019effectuer exclusivement avec la m\u00e9diation et l\u2019accompagnement du Comit\u00e9 International de la Croix Rouge.&nbsp;<br><br>Au 7 mars 153 malades au total ont ainsi \u00e9t\u00e9 transport\u00e9s d\u2019Artsakh en Arm\u00e9nie par le CICR.<\/p>\n\n\n\n<p><a href=\"http:\/\/president.nkr.am\/am\/news\/consultations\/5733\/\" target=\"_blank\" rel=\"noreferrer noopener\">De telles provocations ne sont pas \u00e0 \u2018exclure \u00e0 l\u2019avenir, h\u00e9las : le pr\u00e9sident de la R\u00e9publique Arayik Haroutunian a convoqu\u00e9 une r\u00e9union du Conseil de s\u00e9curit\u00e9 le 6 mars&nbsp;<\/a><br><br>La s\u00e9ance a d\u00e9but\u00e9 avec une minute de silence qu\u2019ont respect\u00e9e les participants debout en hommage aux officiers de police tu\u00e9s la veille par un commando azerba\u00efdjanais. Le pr\u00e9sident Haroutunian s\u2019est ensuite exprim\u00e9 par une d\u00e9claration.&nbsp;<br><br>Le chef de l\u2019Etat a rappel\u00e9 qu\u2019une rencontre entre les repr\u00e9sentants d\u2019Artsakh s\u2019est tenue le 24 f\u00e9vrier avec la partie azerba\u00efdjanaise, avec la m\u00e9diation et en pr\u00e9sence du commandement des forces de maintien de la paix russes d\u00e9ploy\u00e9es en Artsakh, pour \u00e9changer de questions d\u2019ordre humanitaire et logistique. Les parties y sont convenues d\u2019une deuxi\u00e8me rencontre qui a eu lieu le 1er mars, avec le secr\u00e9taire du Conseil de s\u00e9curit\u00e9 Samvel Chahramanian comme chef de la d\u00e9l\u00e9gation d\u2019Artsakh. L\u2019ordre du jour de la rencontre comprenait la question du d\u00e9blocage du corridor de Latchine, celle du r\u00e9tablissement de l\u2019approvisionnement en \u00e9lectricit\u00e9 et en gaz de l\u2019Artsakh en provenance d\u2019Arm\u00e9nie ainsi que la reprise de l\u2019exploitation de la mine de Kachen.&nbsp;<br><br>\u00ab Lors de la deuxi\u00e8me rencontre le repr\u00e9sentant azerba\u00efdjanais a tent\u00e9 de soulever des questions politiques, employant le terme \u00ab int\u00e9gration \u00bb. Monsieur Chahramanian a r\u00e9pondu que le seul sujet politique dont les parties pourraient d\u00e9battre \u00e9tait celui de la reconnaissance de l\u2019ind\u00e9pendance de l\u2019Artsakh par l\u2019Azerba\u00efdjan, en rajoutant qu\u2019en tout \u00e9tat de cause la d\u00e9l\u00e9gation qu\u2019il conduisait n\u2019avait pas le pouvoir d\u2019\u00e9changer sur de tels sujets \u00bb a pr\u00e9cis\u00e9 le pr\u00e9sident Haroutunian.&nbsp;<br><br>\u00ab Je rappelle que nous n\u2019avons jamais accept\u00e9 et n\u2019accepterons jamais une telle proposition. Nous ne nous \u00e9carterons pas du chemin de l\u2019ind\u00e9pendance et de notre droit \u00e0 l\u2019autod\u00e9termination choisi par notre peuple dans son \u00e9crasante majorit\u00e9. Cela veut dire que la situation risque d\u2019empirer, et il faudra que nous fassions preuve d\u2019endurance. Le choix est simple : rester fid\u00e8le \u00e0 notre combat ou bien, si notre peuple en d\u00e9cide autrement, accepter la proposition de l\u2019Azerba\u00efdjan, en formant d\u00e8s lors un nouveau pouvoir dans le pays. Mais tant que nous restons fid\u00e8les \u00e0 note choix de l\u2019ind\u00e9pendance je vous demande de respecter cette d\u00e9cision, en \u00e9vitant de r\u00e9agir aux provocations, de vous adonner aux manipulations et de vous abstenir de toute interpr\u00e9tation politicienne \u00bb a ajout\u00e9 le pr\u00e9sident de la R\u00e9publique.&nbsp;<br><br>\u00ab Le fait est que nous poursuivons notre lutte et que la situation peut perdurer. Nous devons y \u00eatre pr\u00eats et prendre des mesures n\u00e9cessaires pour y faire face. J\u2019ai \u00e9chang\u00e9 avec le ministre d\u2019Etat sur les probl\u00e8mes que nous rencontrons et j\u2019aimerais qu\u2019aujourd\u2019hui nous puissions prendre la d\u00e9cision en Conseil de s\u00e9curit\u00e9 de charger le gouvernement de mettre au point des plans de s\u00e9curit\u00e9 alimentaire et \u00e9nerg\u00e9tique car nous ne devons ignorer aucun scenario, m\u00eame le plus pessimiste \u00bb, a indiqu\u00e9 Arayik Haroutunian.<\/p>\n\n\n\n<p><a href=\"http:\/\/gov.nkr.am\/hy\/official-news\/item\/2023\/03\/07\/harcazruyc\/\" target=\"_blank\" rel=\"noreferrer noopener\">Le ministre d\u2019Etat Gourguen Nercissian a accord\u00e9 un entretien \u00e0 la t\u00e9l\u00e9vision publique de la R\u00e9publique d\u2019Arm\u00e9nie<\/a><br><br>En commentant l\u2019attaque du commando azerba\u00efdjanais infiltr\u00e9 du 5 mars ayant co\u00fbt\u00e9 la vie \u00e0 3 officiers de police et gri\u00e8vement bless\u00e9 un 4\u00e8me, le ministre d\u2019Etat d\u2019Artsakh a qualifi\u00e9 celle-ci d\u2019acte terroriste.&nbsp;<br><br>Il a pr\u00e9cis\u00e9 en outre que les corps des soldats tu\u00e9s et les bless\u00e9s c\u00f4t\u00e9 azerba\u00efdjanais ont \u00e9t\u00e9 \u00e9vacu\u00e9s avec la m\u00e9diation des forces russes de maintien de la paix. &nbsp;Gourguen Nercissian a \u00e9voqu\u00e9 \u00e9galement l\u2019attitude de la communaut\u00e9 internationale qualifiant celle-ci d\u2019inadmissible et d\u2019un test de r\u00e9silience pour le peuple d\u2019Artsakh.<\/p>\n\n\n\n<p><a href=\"https:\/\/www.facebook.com\/gegham.stepanian\/posts\/pfbid031t7SPL8Js3G2bHrRwgw7q1JatjorawzFBk6jFP9W61UvnKBxaLg971yq51vorSfLl\" target=\"_blank\" rel=\"noreferrer noopener\">Si les Etats copr\u00e9sidents du Groupe de Minsk de l\u2019OSCE \u00e9taient r\u00e9ellement int\u00e9ress\u00e9s par un r\u00e8glement \u00e9quitable du conflit du Karabagh, ils auraient pu au moins faire preuve de courage en se rendant en Artsakh : le D\u00e9fenseur des droits de l\u2019Homme d\u2019Artsakh<\/a><br><br>Lors des nombreuses rencontres avec les diff\u00e9rents milieux politiques am\u00e9ricains et fran\u00e7ais nous entendons souvent l\u2019affirmation de leur part qu\u2019ils souhaitent sinc\u00e8rement la pr\u00e9servation de l\u2019institution qu\u2019est la copr\u00e9sidence du Groupe de Minsk de l\u2019OSCE. De temps en temps, le Groupe de Minsk est \u00e9voqu\u00e9 \u00e9galement par la F\u00e9d\u00e9ration de Russie.&nbsp;<br><br>En ce moment m\u00eame le copr\u00e9sident am\u00e9ricain du Groupe de Minsk Louis Bono et son homologue fran\u00e7ais Brice Roquefeuil se trouve dans notre r\u00e9gion et multiplient les rencontres \u00e0 Bakou et \u00e0 Erevan.&nbsp;<br><br>Qu\u2019emp\u00eache-t-il les copr\u00e9sidents am\u00e9ricain et fran\u00e7ais en visite dans la r\u00e9gion de se rendre en Artsakh (Haut-Karabagh) ce qui aurait le m\u00e9rite de rendre cr\u00e9dible leur d\u00e9termination de pr\u00e9server la copr\u00e9sidence du Groupe de Minsk de l\u2019OSCE et de r\u00e9soudre le conflit par la voie pacifique ?&nbsp;<\/p>\n\n\n\n<p>Mises \u00e0 jour statistiques quotidiennes<\/p>\n\n\n\n<p>A ce jour 329 b\u00e9b\u00e9s sont n\u00e9s sous blocus.<\/p>\n\n\n\n<p>En raison de la suspension des interventions chirurgicales planifi\u00e9es dans toutes les institutions m\u00e9dicales relevant du minist\u00e8re de la Sant\u00e9 publique de la R\u00e9publique d\u2019Artsakh, pr\u00e8s de 800 citoyens sont priv\u00e9s de la possibilit\u00e9 d\u2019une intervention chirurgicale que leur \u00e9tat de sant\u00e9 impose.&nbsp;<\/p>\n\n\n\n<p>A ce jour par l\u2019interm\u00e9diaire du Comit\u00e9 International de la Croix Rouge 153 patients au total ont \u00e9t\u00e9 transf\u00e9r\u00e9s en R\u00e9publique d\u2019Arm\u00e9nie pour y recevoir des soins adapt\u00e9s. Par ailleurs, les v\u00e9hicules du CICR ne disposant pas de bloc de soins intensifs les malades ,m\u00eame en \u00e9tat critique, ne peuvent y voyager allong\u00e9s, l\u2019Azerba\u00efdjan bloquant la circulation des ambulances de r\u00e9animation d\u2019Artsakh, mieux adapt\u00e9es \u00e0 de tels transferts.&nbsp;<\/p>\n\n\n\n<p>755 entreprises (soit 17,7% des entreprises du pays) ont int\u00e9gralement suspendu leur activit\u00e9 en raison du blocus. Les autres entreprises fonctionnent partiellement ou bien gr\u00e2ce aux subventions de l\u2019Etat<\/p>\n\n\n\n<p>A ce jour pr\u00e8s de 6 400 personnes ont perdu leurs emplois, donc leur unique source de revenus en raison de la situation \u00e9conomique difficile.&nbsp;<\/p>\n\n\n\n<p>Plus de 33 200 tonnes de produits de premi\u00e8re n\u00e9cessit\u00e9 auraient \u00e9t\u00e9 livr\u00e9es en Artsakh s\u2019il n\u2019y avait pas eu le blocus. Depuis le 12 d\u00e9cembre seules 2 530 tonnes, essentiellement de denr\u00e9es alimentaires et de produits pharmaceutiques, ont \u00e9t\u00e9 livr\u00e9es par le Comit\u00e9 International de la Croix Rouge et le Contingent russe de maintien de la paix.\u00a0<br><br>Pendant la p\u00e9riode du blocus l\u2019\u00e9conomie de l\u2019Artsakh a subi des dommages \u00e9quivalent \u00e0 150 millions de dollars US. Le PIB a chut\u00e9 de 16%.\u00a0<\/p>\n\n\n\n<figure class=\"wp-block-image size-large\"><img loading=\"lazy\" decoding=\"async\" width=\"826\" height=\"1024\" src=\"https:\/\/artsakhforum.net\/wp-content\/uploads\/2023\/02\/5028236a-0dc5-63af-47ef-95f4d14a73e4-826x1024.jpg\" alt=\"\" class=\"wp-image-2134\" srcset=\"https:\/\/artsakhforum.net\/wp-content\/uploads\/2023\/02\/5028236a-0dc5-63af-47ef-95f4d14a73e4-826x1024.jpg 826w, https:\/\/artsakhforum.net\/wp-content\/uploads\/2023\/02\/5028236a-0dc5-63af-47ef-95f4d14a73e4-242x300.jpg 242w, https:\/\/artsakhforum.net\/wp-content\/uploads\/2023\/02\/5028236a-0dc5-63af-47ef-95f4d14a73e4-768x952.jpg 768w, https:\/\/artsakhforum.net\/wp-content\/uploads\/2023\/02\/5028236a-0dc5-63af-47ef-95f4d14a73e4.jpg 1170w\" sizes=\"auto, (max-width: 826px) 100vw, 826px\" \/><\/figure>\n\n\n\n<p>Faits importants<\/p>\n\n\n\n<p>En raison de p\u00e9nuries alimentaires provoqu\u00e9es par le blocus, depuis le 9 janvier 20 \u00e9tablissements scolaires sont en activit\u00e9 partielle. A intervalles plus ou moins longs, tous les \u00e9tablissements scolaires ont d\u00fb suspendre totalement ou partiellement leur activit\u00e9.&nbsp;<\/p>\n\n\n\n<p>D\u00e8s le d\u00e9but du blocus, certains produits alimentaires, notamment des fruits et l\u00e9gumes frais import\u00e9s d\u2019Arm\u00e9nie, ont commenc\u00e9 \u00e0 manquer pour dispara\u00eetre ensuite totalement du menu des familles. Compte tenu des p\u00e9nuries alimentaires, d\u00e8s le 20 janvier un r\u00e9gime de rationnement des aliments de base ainsi que de produits d\u2019entretien a \u00e9t\u00e9 instaur\u00e9 en Artsakh o\u00f9 les p\u00e2tes, le riz, le sarrasin, les \u0153ufs, l\u2019huile, le sucre, certains fruits et l\u00e9gumes, ainsi que du produit lessive sont distribu\u00e9s en quantit\u00e9s limit\u00e9es, sur pr\u00e9sentation de tickets de rationnement uniquement.&nbsp;<\/p>\n\n\n\n<p>Depuis le 9 janvier, l\u2019unique ligne \u00e9lectrique de haute tension Arm\u00e9nie-Artsakh traversant le secteur sous contr\u00f4le azerba\u00efdjanais est endommag\u00e9e, la partie azerba\u00efdjanaise refusant aux techniciens d\u2019Artsakh l\u2019acc\u00e8s au lieu de l\u2019accident pour \u00e9liminer la panne affectant la ligne. Compte tenu du fait que les volumes d\u2019\u00e9lectricit\u00e9 produite en Artsakh sont inf\u00e9rieurs \u00e0 ceux de la consommation alors que les ressources du r\u00e9servoir d\u2019eau de Sarsang ne cessent de diminuer, \u00e0 compter du 10 janvier un graphique de coupures de 2 heures journali\u00e8res a \u00e9t\u00e9 instaur\u00e9, augment\u00e9 de 2 heures suppl\u00e9mentaires \u00e0 compter du 17 janvier de 2 nouvelles heures suppl\u00e9mentaires \u00e0 compter du 21 janvier. Ainsi, \u00e0 compter de cette date, les coupures d\u2019\u00e9lectricit\u00e9 durent 6 heures par jour au total.&nbsp;<\/p>\n\n\n\n<p>Depuis le d\u00e9but du blocus de nombreux Etats du monde et organisations internationales ont condamn\u00e9 les agissements de l\u2019Azerba\u00efdjan appelant \u00e0 la lev\u00e9e du blocus. La question a \u00e9galement \u00e9t\u00e9 d\u00e9battue au Conseil de s\u00e9curit\u00e9 de l\u2019Organisation des Nations Unies. La Cour europ\u00e9enne des droits de l\u2019Homme a engag\u00e9 l\u2019Azerba\u00efdjan \u00e0 prendre toutes les mesures n\u00e9cessaires et suffisantes pour lever le blocus. La question a \u00e9galement \u00e9t\u00e9 soulev\u00e9e pr\u00e8s la Cour internationale de Justice de l\u2019ONU (La Haye), dans le cadre des travaux du Comit\u00e9 pour l\u2019\u00e9limination du racisme. Le Parlement europ\u00e9en a adopt\u00e9 une r\u00e9solution sur les cons\u00e9quences humanitaires du blocus d\u2019Artsakh. Le Parlement europ\u00e9en a adopt\u00e9 une r\u00e9solution sur les cons\u00e9quences humanitaires du blocus de l\u2019Artsakh.<\/p>\n\n\n\n<p><a href=\"https:\/\/mailchi.mp\/9bee13757953\/day87fr\">https:\/\/mailchi.mp\/9bee13757953\/day87fr<\/a><\/p>\n","protected":false},"excerpt":{"rendered":"L\u2019officier de police bless\u00e9 par balle au thorax lors de l\u2019attaque du commando infiltr\u00e9 azerba\u00efdjanais se trouve en service de r\u00e9animation L\u2019officier de police de la R\u00e9publique d\u2019Artsakh bless\u00e9 au thorax \u00e0 la suite de l\u2019attaque du commando azerba\u00efdjanais le 5 mars a \u00e9t\u00e9 op\u00e9r\u00e9 le jour m\u00eame et se trouve en service de r\u00e9animation [&hellip;]","protected":false},"author":1,"featured_media":2201,"comment_status":"closed","ping_status":"closed","sticky":false,"template":"","format":"standard","meta":{"_acf_changed":false,"footnotes":""},"categories":[33,20,2],"tags":[],"class_list":["post-2207","post","type-post","status-publish","format-standard","has-post-thumbnail","hentry","category-actualites","category-francais","category-news"],"acf":[],"cc_featured_image_caption":{"caption_text":false,"source_text":false,"source_url":false},"_links":{"self":[{"href":"https:\/\/artsakhforum.net\/index.php?rest_route=\/wp\/v2\/posts\/2207","targetHints":{"allow":["GET"]}}],"collection":[{"href":"https:\/\/artsakhforum.net\/index.php?rest_route=\/wp\/v2\/posts"}],"about":[{"href":"https:\/\/artsakhforum.net\/index.php?rest_route=\/wp\/v2\/types\/post"}],"author":[{"embeddable":true,"href":"https:\/\/artsakhforum.net\/index.php?rest_route=\/wp\/v2\/users\/1"}],"replies":[{"embeddable":true,"href":"https:\/\/artsakhforum.net\/index.php?rest_route=%2Fwp%2Fv2%2Fcomments&post=2207"}],"version-history":[{"count":1,"href":"https:\/\/artsakhforum.net\/index.php?rest_route=\/wp\/v2\/posts\/2207\/revisions"}],"predecessor-version":[{"id":2208,"href":"https:\/\/artsakhforum.net\/index.php?rest_route=\/wp\/v2\/posts\/2207\/revisions\/2208"}],"wp:featuredmedia":[{"embeddable":true,"href":"https:\/\/artsakhforum.net\/index.php?rest_route=\/wp\/v2\/media\/2201"}],"wp:attachment":[{"href":"https:\/\/artsakhforum.net\/index.php?rest_route=%2Fwp%2Fv2%2Fmedia&parent=2207"}],"wp:term":[{"taxonomy":"category","embeddable":true,"href":"https:\/\/artsakhforum.net\/index.php?rest_route=%2Fwp%2Fv2%2Fcategories&post=2207"},{"taxonomy":"post_tag","embeddable":true,"href":"https:\/\/artsakhforum.net\/index.php?rest_route=%2Fwp%2Fv2%2Ftags&post=2207"}],"curies":[{"name":"wp","href":"https:\/\/api.w.org\/{rel}","templated":true}]}}